{"id":2310,"date":"2024-11-15T10:22:05","date_gmt":"2024-11-15T10:22:05","guid":{"rendered":"https:\/\/gcbarbers.ee\/luhiajalugu-barbershop\/"},"modified":"2024-11-15T10:44:44","modified_gmt":"2024-11-15T10:44:44","slug":"lyhyt-historia-parturiliikkeiden","status":"publish","type":"post","link":"https:\/\/gcbarbers.ee\/fi\/lyhyt-historia-parturiliikkeiden\/","title":{"rendered":"Lyhyt historia parturiliikkeiden synnyst\u00e4 ja niiden suosiosta Euroopassa"},"content":{"rendered":"<p>Parturiliikkeet ovat nyky\u00e4\u00e4n ikonisia paikkoja, joissa miehet voivat nauttia tyylist\u00e4 ja rennosta ilmapiirist\u00e4. Niiden historia ulottuu kuitenkin tuhansien vuosien taakse, ja alkujaan parturiliikkeet olivat paitsi hiustenleikkuupaikkoja, my\u00f6s sosiaalisen kanssak\u00e4ymisen ja jopa l\u00e4\u00e4ketieteellisten palveluiden tiloja.<\/p>\n<h3>Parturiliikkeiden alku ja keskiajan Eurooppa<\/h3>\n<p>Parturiperinne sai alkunsa jo muinaisessa Egyptiss\u00e4 ja Kreikassa, miss\u00e4 partureita arvostettiin suuresti. Keskiajan Euroopassa parturit eiv\u00e4t ainoastaan leikanneet hiuksia ja ajelleet partoja, vaan toimivat my\u00f6s l\u00e4\u00e4ketieteen alalla. He tekiv\u00e4t pieni\u00e4 kirurgisia toimenpiteit\u00e4, kuten suoneniskent\u00e4\u00e4. Perinteinen punavalkoinen parturitanko on per\u00e4isin juuri t\u00e4lt\u00e4 ajalta, ja se symboloi verenvuodatusta ja siteit\u00e4.<\/p>\n<h3>Renessanssi ja parturiliikkeiden erikoistuminen<\/h3>\n<p>Renessanssin aikana parturit alkoivat keskitty\u00e4 enemm\u00e4n hiusten ja parran hoitoon, kun l\u00e4\u00e4ketiede kehittyi ja l\u00e4\u00e4k\u00e4rien rooli vahvistui. T\u00e4n\u00e4 aikana Euroopassa alkoivat kehitty\u00e4 ensimm\u00e4iset parturiliikkeet, jotka olivat omistautuneet miesten tyylipalveluille ja tarjosivat my\u00f6s mahdollisuuden sosiaaliseen kanssak\u00e4ymiseen ja ajankohtaisten asioiden keskusteluun.<\/p>\n<h3>Moderni parturiliikkeiden uudelleensyntyminen ja suosio<\/h3>\n<p>1900-luvulla perinteisten parturiliikkeiden suosio v\u00e4heni, kun unisex-kampaamot, joissa palveltiin sek\u00e4 miehi\u00e4 ett\u00e4 naisia, yleistyiv\u00e4t. Viimeisen kahdenkymmenen vuoden aikana perinteisen parturiliikkeen tunnelma ja ammattitaito on kuitenkin noussut uudelleen suosioon. Euroopassa on erityisesti n\u00e4ht\u00e4viss\u00e4 perinteisten parturiliikkeiden paluu: liikkeet tarjoavat laadukasta palvelua miehille heid\u00e4n omassa rauhallisessa ja tyylikk\u00e4\u00e4ss\u00e4 ymp\u00e4rist\u00f6ss\u00e4\u00e4n.<\/p>\n<p>2000-luvun alusta l\u00e4htien klassiset parturiliikkeet ovat j\u00e4lleen yleistyneet ymp\u00e4ri Eurooppaa. N\u00e4m\u00e4 paikat tarjoavat paitsi hiustenleikkuuta ja parranajoa, my\u00f6s ainutlaatuisen yhteis\u00f6llisen ilmapiirin, jossa miehet voivat rentoutua ja nauttia olostaan.<\/p>\n<h3>Miksi parturiliikkeet ovat niin suosittuja?<\/h3>\n<p>Nyky\u00e4\u00e4n parturiliikkeet menestyv\u00e4t Euroopan kaupungeissa, erityisesti Skandinaviassa, Isossa-Britanniassa ja Baltian maissa, sill\u00e4 miehet arvostavat yksil\u00f6llist\u00e4, korkealaatuista palvelua. Hiustenleikkaus ei ole vain v\u00e4ltt\u00e4m\u00e4tt\u00f6myys, vaan my\u00f6s mahdollisuus ilmaista persoonallisuutta ja pit\u00e4\u00e4 huolta itsest\u00e4\u00e4n. Parturiliikkeet tarjoavat miehille paikan, jossa he voivat rentoutua ja tuntea olonsa itsevarmaksi ulkon\u00e4\u00f6st\u00e4\u00e4n.<\/p>\n<p>Klassisilla parturiliikkeill\u00e4 on ainutlaatuinen tunnelma, ja ne ovat nyt t\u00e4rke\u00e4 osa Euroopan kaupunkikulttuuria \u2013 perinteinen l\u00e4hestymistapa miesten kauneudenhoitoon on tullut j\u00e4\u00e4d\u00e4kseen.<\/p>\n","protected":false},"excerpt":{"rendered":"<p>Parturiliikkeet ovat nyky\u00e4\u00e4n ikonisia paikkoja, joissa miehet voivat nauttia tyylist\u00e4 ja rennosta ilmapiirist\u00e4. Niiden historia ulottuu kuitenkin tuhansien vuosien taakse, ja alkujaan parturiliikkeet olivat paitsi hiustenleikkuupaikkoja, my\u00f6s sosiaalisen kanssak\u00e4ymisen ja jopa l\u00e4\u00e4ketieteellisten palveluiden tiloja. Parturiliikkeiden alku ja keskiajan Eurooppa Parturiperinne sai alkunsa jo muinaisessa Egyptiss\u00e4 ja Kreikassa, miss\u00e4 partureita arvostettiin suuresti. Keskiajan Euroopassa parturit eiv\u00e4t [&hellip;]<\/p>\n","protected":false},"author":2,"featured_media":2307,"comment_status":"closed","ping_status":"open","sticky":false,"template":"","format":"standard","meta":{"_et_pb_use_builder":"","_et_pb_old_content":"","_et_gb_content_width":"","inline_featured_image":false,"footnotes":""},"categories":[103],"tags":[],"class_list":["post-2310","post","type-post","status-publish","format-standard","has-post-thumbnail","hentry","category-uncategorized-fi"],"yoast_head":"<!-- This site is optimized with the Yoast SEO plugin v24.9 - https:\/\/yoast.com\/wordpress\/plugins\/seo\/ -->\n<title>Lyhyt historia parturiliikkeiden synnyst\u00e4 ja niiden suosiosta Euroopassa<\/title>\n<meta name=\"description\" content=\"Parturiliikkeet ovat nyky\u00e4\u00e4n ikonisia paikkoja, joissa miehet voivat nauttia tyylist\u00e4 ja rennosta ilmapiirist\u00e4.\" \/>\n<meta name=\"robots\" content=\"index, follow, max-snippet:-1, max-image-preview:large, max-video-preview:-1\" \/>\n<link rel=\"canonical\" href=\"https:\/\/gcbarbers.ee\/fi\/lyhyt-historia-parturiliikkeiden\/\" \/>\n<meta property=\"og:locale\" content=\"fi_FI\" \/>\n<meta property=\"og:type\" content=\"article\" \/>\n<meta property=\"og:title\" content=\"Lyhyt historia parturiliikkeiden synnyst\u00e4 ja niiden suosiosta Euroopassa\" \/>\n<meta property=\"og:description\" content=\"Parturiliikkeet ovat nyky\u00e4\u00e4n ikonisia paikkoja, joissa miehet voivat nauttia tyylist\u00e4 ja rennosta ilmapiirist\u00e4.\" \/>\n<meta property=\"og:url\" content=\"https:\/\/gcbarbers.ee\/fi\/lyhyt-historia-parturiliikkeiden\/\" \/>\n<meta property=\"og:site_name\" content=\"GC Barbers\" \/>\n<meta property=\"article:publisher\" content=\"https:\/\/www.facebook.com\/Cityhair.salong\" \/>\n<meta property=\"article:published_time\" content=\"2024-11-15T10:22:05+00:00\" \/>\n<meta property=\"article:modified_time\" content=\"2024-11-15T10:44:44+00:00\" \/>\n<meta property=\"og:image\" content=\"https:\/\/gcbarbers.ee\/wp-content\/uploads\/2024\/11\/Luhiajalugu-Barbershopide-Tekkest-ja-Populaarsusest-Euroopas-scaled.jpg\" \/>\n\t<meta property=\"og:image:width\" content=\"2560\" \/>\n\t<meta property=\"og:image:height\" content=\"1703\" \/>\n\t<meta property=\"og:image:type\" content=\"image\/jpeg\" \/>\n<meta name=\"author\" content=\"Deniss Semtsenkov\" \/>\n<meta name=\"twitter:card\" content=\"summary_large_image\" \/>\n<meta name=\"twitter:label1\" content=\"Kirjoittanut\" \/>\n\t<meta name=\"twitter:data1\" content=\"Deniss Semtsenkov\" \/>\n\t<meta name=\"twitter:label2\" content=\"Arvioitu lukuaika\" \/>\n\t<meta name=\"twitter:data2\" content=\"2 minuuttia\" \/>\n<script type=\"application\/ld+json\" class=\"yoast-schema-graph\">{\"@context\":\"https:\/\/schema.org\",\"@graph\":[{\"@type\":\"Article\",\"@id\":\"https:\/\/gcbarbers.ee\/fi\/lyhyt-historia-parturiliikkeiden\/#article\",\"isPartOf\":{\"@id\":\"https:\/\/gcbarbers.ee\/fi\/lyhyt-historia-parturiliikkeiden\/\"},\"author\":{\"name\":\"Deniss Semtsenkov\",\"@id\":\"https:\/\/gcbarbers.ee\/#\/schema\/person\/e0594ef9913ce22cf8ab2d8cb1f8d482\"},\"headline\":\"Lyhyt historia parturiliikkeiden synnyst\u00e4 ja niiden suosiosta Euroopassa\",\"datePublished\":\"2024-11-15T10:22:05+00:00\",\"dateModified\":\"2024-11-15T10:44:44+00:00\",\"mainEntityOfPage\":{\"@id\":\"https:\/\/gcbarbers.ee\/fi\/lyhyt-historia-parturiliikkeiden\/\"},\"wordCount\":334,\"publisher\":{\"@id\":\"https:\/\/gcbarbers.ee\/#organization\"},\"image\":{\"@id\":\"https:\/\/gcbarbers.ee\/fi\/lyhyt-historia-parturiliikkeiden\/#primaryimage\"},\"thumbnailUrl\":\"https:\/\/gcbarbers.ee\/wp-content\/uploads\/2024\/11\/Luhiajalugu-Barbershopide-Tekkest-ja-Populaarsusest-Euroopas-scaled.jpg\",\"articleSection\":[\"Uncategorized @fi\"],\"inLanguage\":\"fi\"},{\"@type\":\"WebPage\",\"@id\":\"https:\/\/gcbarbers.ee\/fi\/lyhyt-historia-parturiliikkeiden\/\",\"url\":\"https:\/\/gcbarbers.ee\/fi\/lyhyt-historia-parturiliikkeiden\/\",\"name\":\"Lyhyt historia parturiliikkeiden synnyst\u00e4 ja niiden suosiosta Euroopassa\",\"isPartOf\":{\"@id\":\"https:\/\/gcbarbers.ee\/#website\"},\"primaryImageOfPage\":{\"@id\":\"https:\/\/gcbarbers.ee\/fi\/lyhyt-historia-parturiliikkeiden\/#primaryimage\"},\"image\":{\"@id\":\"https:\/\/gcbarbers.ee\/fi\/lyhyt-historia-parturiliikkeiden\/#primaryimage\"},\"thumbnailUrl\":\"https:\/\/gcbarbers.ee\/wp-content\/uploads\/2024\/11\/Luhiajalugu-Barbershopide-Tekkest-ja-Populaarsusest-Euroopas-scaled.jpg\",\"datePublished\":\"2024-11-15T10:22:05+00:00\",\"dateModified\":\"2024-11-15T10:44:44+00:00\",\"description\":\"Parturiliikkeet ovat nyky\u00e4\u00e4n ikonisia paikkoja, joissa miehet voivat nauttia tyylist\u00e4 ja rennosta ilmapiirist\u00e4.\",\"breadcrumb\":{\"@id\":\"https:\/\/gcbarbers.ee\/fi\/lyhyt-historia-parturiliikkeiden\/#breadcrumb\"},\"inLanguage\":\"fi\",\"potentialAction\":[{\"@type\":\"ReadAction\",\"target\":[\"https:\/\/gcbarbers.ee\/fi\/lyhyt-historia-parturiliikkeiden\/\"]}]},{\"@type\":\"ImageObject\",\"inLanguage\":\"fi\",\"@id\":\"https:\/\/gcbarbers.ee\/fi\/lyhyt-historia-parturiliikkeiden\/#primaryimage\",\"url\":\"https:\/\/gcbarbers.ee\/wp-content\/uploads\/2024\/11\/Luhiajalugu-Barbershopide-Tekkest-ja-Populaarsusest-Euroopas-scaled.jpg\",\"contentUrl\":\"https:\/\/gcbarbers.ee\/wp-content\/uploads\/2024\/11\/Luhiajalugu-Barbershopide-Tekkest-ja-Populaarsusest-Euroopas-scaled.jpg\",\"width\":2560,\"height\":1703,\"caption\":\"L\u00fchiajalugu Barbershop\u2019ide Tekkest ja Populaarsusest Euroopas\"},{\"@type\":\"BreadcrumbList\",\"@id\":\"https:\/\/gcbarbers.ee\/fi\/lyhyt-historia-parturiliikkeiden\/#breadcrumb\",\"itemListElement\":[{\"@type\":\"ListItem\",\"position\":1,\"name\":\"Home\",\"item\":\"https:\/\/gcbarbers.ee\/fi\/\"},{\"@type\":\"ListItem\",\"position\":2,\"name\":\"Lyhyt historia parturiliikkeiden synnyst\u00e4 ja niiden suosiosta Euroopassa\"}]},{\"@type\":\"WebSite\",\"@id\":\"https:\/\/gcbarbers.ee\/#website\",\"url\":\"https:\/\/gcbarbers.ee\/\",\"name\":\"Gentleman Club\",\"description\":\"Barbershop Tallinn - Meeste Juuksur\",\"publisher\":{\"@id\":\"https:\/\/gcbarbers.ee\/#organization\"},\"potentialAction\":[{\"@type\":\"SearchAction\",\"target\":{\"@type\":\"EntryPoint\",\"urlTemplate\":\"https:\/\/gcbarbers.ee\/?s={search_term_string}\"},\"query-input\":{\"@type\":\"PropertyValueSpecification\",\"valueRequired\":true,\"valueName\":\"search_term_string\"}}],\"inLanguage\":\"fi\"},{\"@type\":\"Organization\",\"@id\":\"https:\/\/gcbarbers.ee\/#organization\",\"name\":\"Gentleman Club\",\"url\":\"https:\/\/gcbarbers.ee\/\",\"logo\":{\"@type\":\"ImageObject\",\"inLanguage\":\"fi\",\"@id\":\"https:\/\/gcbarbers.ee\/#\/schema\/logo\/image\/\",\"url\":\"https:\/\/gcbarbers.ee\/wp-content\/uploads\/2024\/02\/20240129_110626_0000-2.png\",\"contentUrl\":\"https:\/\/gcbarbers.ee\/wp-content\/uploads\/2024\/02\/20240129_110626_0000-2.png\",\"width\":500,\"height\":500,\"caption\":\"Gentleman Club\"},\"image\":{\"@id\":\"https:\/\/gcbarbers.ee\/#\/schema\/logo\/image\/\"},\"sameAs\":[\"https:\/\/www.facebook.com\/Cityhair.salong\"]},{\"@type\":\"Person\",\"@id\":\"https:\/\/gcbarbers.ee\/#\/schema\/person\/e0594ef9913ce22cf8ab2d8cb1f8d482\",\"name\":\"Deniss Semtsenkov\",\"sameAs\":[\"https:\/\/gcbarbers.ee\"],\"url\":\"https:\/\/gcbarbers.ee\/fi\/author\/denis-sem4enkovgmail-com\/\"}]}<\/script>\n<!-- \/ Yoast SEO plugin. -->","yoast_head_json":{"title":"Lyhyt historia parturiliikkeiden synnyst\u00e4 ja niiden suosiosta Euroopassa","description":"Parturiliikkeet ovat nyky\u00e4\u00e4n ikonisia paikkoja, joissa miehet voivat nauttia tyylist\u00e4 ja rennosta ilmapiirist\u00e4.","robots":{"index":"index","follow":"follow","max-snippet":"max-snippet:-1","max-image-preview":"max-image-preview:large","max-video-preview":"max-video-preview:-1"},"canonical":"https:\/\/gcbarbers.ee\/fi\/lyhyt-historia-parturiliikkeiden\/","og_locale":"fi_FI","og_type":"article","og_title":"Lyhyt historia parturiliikkeiden synnyst\u00e4 ja niiden suosiosta Euroopassa","og_description":"Parturiliikkeet ovat nyky\u00e4\u00e4n ikonisia paikkoja, joissa miehet voivat nauttia tyylist\u00e4 ja rennosta ilmapiirist\u00e4.","og_url":"https:\/\/gcbarbers.ee\/fi\/lyhyt-historia-parturiliikkeiden\/","og_site_name":"GC Barbers","article_publisher":"https:\/\/www.facebook.com\/Cityhair.salong","article_published_time":"2024-11-15T10:22:05+00:00","article_modified_time":"2024-11-15T10:44:44+00:00","og_image":[{"width":2560,"height":1703,"url":"https:\/\/gcbarbers.ee\/wp-content\/uploads\/2024\/11\/Luhiajalugu-Barbershopide-Tekkest-ja-Populaarsusest-Euroopas-scaled.jpg","type":"image\/jpeg"}],"author":"Deniss Semtsenkov","twitter_card":"summary_large_image","twitter_misc":{"Kirjoittanut":"Deniss Semtsenkov","Arvioitu lukuaika":"2 minuuttia"},"schema":{"@context":"https:\/\/schema.org","@graph":[{"@type":"Article","@id":"https:\/\/gcbarbers.ee\/fi\/lyhyt-historia-parturiliikkeiden\/#article","isPartOf":{"@id":"https:\/\/gcbarbers.ee\/fi\/lyhyt-historia-parturiliikkeiden\/"},"author":{"name":"Deniss Semtsenkov","@id":"https:\/\/gcbarbers.ee\/#\/schema\/person\/e0594ef9913ce22cf8ab2d8cb1f8d482"},"headline":"Lyhyt historia parturiliikkeiden synnyst\u00e4 ja niiden suosiosta Euroopassa","datePublished":"2024-11-15T10:22:05+00:00","dateModified":"2024-11-15T10:44:44+00:00","mainEntityOfPage":{"@id":"https:\/\/gcbarbers.ee\/fi\/lyhyt-historia-parturiliikkeiden\/"},"wordCount":334,"publisher":{"@id":"https:\/\/gcbarbers.ee\/#organization"},"image":{"@id":"https:\/\/gcbarbers.ee\/fi\/lyhyt-historia-parturiliikkeiden\/#primaryimage"},"thumbnailUrl":"https:\/\/gcbarbers.ee\/wp-content\/uploads\/2024\/11\/Luhiajalugu-Barbershopide-Tekkest-ja-Populaarsusest-Euroopas-scaled.jpg","articleSection":["Uncategorized @fi"],"inLanguage":"fi"},{"@type":"WebPage","@id":"https:\/\/gcbarbers.ee\/fi\/lyhyt-historia-parturiliikkeiden\/","url":"https:\/\/gcbarbers.ee\/fi\/lyhyt-historia-parturiliikkeiden\/","name":"Lyhyt historia parturiliikkeiden synnyst\u00e4 ja niiden suosiosta Euroopassa","isPartOf":{"@id":"https:\/\/gcbarbers.ee\/#website"},"primaryImageOfPage":{"@id":"https:\/\/gcbarbers.ee\/fi\/lyhyt-historia-parturiliikkeiden\/#primaryimage"},"image":{"@id":"https:\/\/gcbarbers.ee\/fi\/lyhyt-historia-parturiliikkeiden\/#primaryimage"},"thumbnailUrl":"https:\/\/gcbarbers.ee\/wp-content\/uploads\/2024\/11\/Luhiajalugu-Barbershopide-Tekkest-ja-Populaarsusest-Euroopas-scaled.jpg","datePublished":"2024-11-15T10:22:05+00:00","dateModified":"2024-11-15T10:44:44+00:00","description":"Parturiliikkeet ovat nyky\u00e4\u00e4n ikonisia paikkoja, joissa miehet voivat nauttia tyylist\u00e4 ja rennosta ilmapiirist\u00e4.","breadcrumb":{"@id":"https:\/\/gcbarbers.ee\/fi\/lyhyt-historia-parturiliikkeiden\/#breadcrumb"},"inLanguage":"fi","potentialAction":[{"@type":"ReadAction","target":["https:\/\/gcbarbers.ee\/fi\/lyhyt-historia-parturiliikkeiden\/"]}]},{"@type":"ImageObject","inLanguage":"fi","@id":"https:\/\/gcbarbers.ee\/fi\/lyhyt-historia-parturiliikkeiden\/#primaryimage","url":"https:\/\/gcbarbers.ee\/wp-content\/uploads\/2024\/11\/Luhiajalugu-Barbershopide-Tekkest-ja-Populaarsusest-Euroopas-scaled.jpg","contentUrl":"https:\/\/gcbarbers.ee\/wp-content\/uploads\/2024\/11\/Luhiajalugu-Barbershopide-Tekkest-ja-Populaarsusest-Euroopas-scaled.jpg","width":2560,"height":1703,"caption":"L\u00fchiajalugu Barbershop\u2019ide Tekkest ja Populaarsusest Euroopas"},{"@type":"BreadcrumbList","@id":"https:\/\/gcbarbers.ee\/fi\/lyhyt-historia-parturiliikkeiden\/#breadcrumb","itemListElement":[{"@type":"ListItem","position":1,"name":"Home","item":"https:\/\/gcbarbers.ee\/fi\/"},{"@type":"ListItem","position":2,"name":"Lyhyt historia parturiliikkeiden synnyst\u00e4 ja niiden suosiosta Euroopassa"}]},{"@type":"WebSite","@id":"https:\/\/gcbarbers.ee\/#website","url":"https:\/\/gcbarbers.ee\/","name":"Gentleman Club","description":"Barbershop Tallinn - Meeste Juuksur","publisher":{"@id":"https:\/\/gcbarbers.ee\/#organization"},"potentialAction":[{"@type":"SearchAction","target":{"@type":"EntryPoint","urlTemplate":"https:\/\/gcbarbers.ee\/?s={search_term_string}"},"query-input":{"@type":"PropertyValueSpecification","valueRequired":true,"valueName":"search_term_string"}}],"inLanguage":"fi"},{"@type":"Organization","@id":"https:\/\/gcbarbers.ee\/#organization","name":"Gentleman Club","url":"https:\/\/gcbarbers.ee\/","logo":{"@type":"ImageObject","inLanguage":"fi","@id":"https:\/\/gcbarbers.ee\/#\/schema\/logo\/image\/","url":"https:\/\/gcbarbers.ee\/wp-content\/uploads\/2024\/02\/20240129_110626_0000-2.png","contentUrl":"https:\/\/gcbarbers.ee\/wp-content\/uploads\/2024\/02\/20240129_110626_0000-2.png","width":500,"height":500,"caption":"Gentleman Club"},"image":{"@id":"https:\/\/gcbarbers.ee\/#\/schema\/logo\/image\/"},"sameAs":["https:\/\/www.facebook.com\/Cityhair.salong"]},{"@type":"Person","@id":"https:\/\/gcbarbers.ee\/#\/schema\/person\/e0594ef9913ce22cf8ab2d8cb1f8d482","name":"Deniss Semtsenkov","sameAs":["https:\/\/gcbarbers.ee"],"url":"https:\/\/gcbarbers.ee\/fi\/author\/denis-sem4enkovgmail-com\/"}]}},"_links":{"self":[{"href":"https:\/\/gcbarbers.ee\/fi\/wp-json\/wp\/v2\/posts\/2310","targetHints":{"allow":["GET"]}}],"collection":[{"href":"https:\/\/gcbarbers.ee\/fi\/wp-json\/wp\/v2\/posts"}],"about":[{"href":"https:\/\/gcbarbers.ee\/fi\/wp-json\/wp\/v2\/types\/post"}],"author":[{"embeddable":true,"href":"https:\/\/gcbarbers.ee\/fi\/wp-json\/wp\/v2\/users\/2"}],"replies":[{"embeddable":true,"href":"https:\/\/gcbarbers.ee\/fi\/wp-json\/wp\/v2\/comments?post=2310"}],"version-history":[{"count":2,"href":"https:\/\/gcbarbers.ee\/fi\/wp-json\/wp\/v2\/posts\/2310\/revisions"}],"predecessor-version":[{"id":2317,"href":"https:\/\/gcbarbers.ee\/fi\/wp-json\/wp\/v2\/posts\/2310\/revisions\/2317"}],"wp:featuredmedia":[{"embeddable":true,"href":"https:\/\/gcbarbers.ee\/fi\/wp-json\/wp\/v2\/media\/2307"}],"wp:attachment":[{"href":"https:\/\/gcbarbers.ee\/fi\/wp-json\/wp\/v2\/media?parent=2310"}],"wp:term":[{"taxonomy":"category","embeddable":true,"href":"https:\/\/gcbarbers.ee\/fi\/wp-json\/wp\/v2\/categories?post=2310"},{"taxonomy":"post_tag","embeddable":true,"href":"https:\/\/gcbarbers.ee\/fi\/wp-json\/wp\/v2\/tags?post=2310"}],"curies":[{"name":"wp","href":"https:\/\/api.w.org\/{rel}","templated":true}]}}